{"id":65,"date":"2025-02-02T10:58:24","date_gmt":"2025-02-02T09:58:24","guid":{"rendered":"https:\/\/archersdeskadi.fr\/?p=65"},"modified":"2025-02-02T10:58:24","modified_gmt":"2025-02-02T09:58:24","slug":"animation-yggdrasil-2025","status":"publish","type":"post","link":"https:\/\/archersdeskadi.fr\/index.php\/2025\/02\/02\/animation-yggdrasil-2025\/","title":{"rendered":"Animation Yggdrasil 2025"},"content":{"rendered":"\n<p>Les 08 et 09 F\u00e9vrier, Les Archers de Skadi seront pr\u00e9sents \u00e0 Eurexpo pour la prochaine \u00e9dition du festival <strong><em><a href=\"https:\/\/festyggdrasil.fr\/\">Yggdrasil <\/a><\/em><\/strong>qui s&#8217;annonce assez grandiose, avec de nombreux univers, invit\u00e9s, etc. Nous y tiendrons comme les ann\u00e9es pr\u00e9c\u00e9dentes un stand de d\u00e9couverte de notre discipline dans un environnement m\u00e9di\u00e9val fantastique.<\/p>\n\n\n\n<p>A noter, que c&#8217;est Cl\u00e9mence, l&#8217;une de nos arch\u00e8res qui a r\u00e9alis\u00e9e cette magnifique affiche !<\/p>\n\n\n\n<p>Alors n&#8217;h\u00e9sitez pas \u00e0 passer nous voir. Toutes les modalit\u00e9s sont pr\u00e9sentes sur le site <a href=\"https:\/\/festyggdrasil.fr\/\">Festival Yggdrasil !<\/a><\/p>\n","protected":false},"excerpt":{"rendered":"<p>Les 08 et 09 F\u00e9vrier, Les Archers de Skadi seront pr\u00e9sents \u00e0 Eurexpo pour la prochaine \u00e9dition du festival Yggdrasil qui s&#8217;annonce assez grandiose, avec de nombreux univers, invit\u00e9s, etc. Nous y tiendrons comme les ann\u00e9es pr\u00e9c\u00e9dentes un stand de d\u00e9couverte de notre discipline dans un environnement m\u00e9di\u00e9val fantastique. A noter, que c&#8217;est Cl\u00e9mence, l&#8217;une de nos arch\u00e8res qui a r\u00e9alis\u00e9e cette magnifique affiche ! Alors n&#8217;h\u00e9sitez pas \u00e0 passer nous voir. Toutes les modalit\u00e9s sont pr\u00e9sentes sur le site Festival Yggdrasil !<\/p>\n","protected":false},"author":2,"featured_media":66,"comment_status":"open","ping_status":"open","sticky":false,"template":"","format":"standard","meta":{"footnotes":""},"categories":[4],"tags":[6,7],"class_list":["post-65","post","type-post","status-publish","format-standard","has-post-thumbnail","hentry","category-animations","tag-animation","tag-yggdrasil"],"_links":{"self":[{"href":"https:\/\/archersdeskadi.fr\/index.php\/wp-json\/wp\/v2\/posts\/65","targetHints":{"allow":["GET"]}}],"collection":[{"href":"https:\/\/archersdeskadi.fr\/index.php\/wp-json\/wp\/v2\/posts"}],"about":[{"href":"https:\/\/archersdeskadi.fr\/index.php\/wp-json\/wp\/v2\/types\/post"}],"author":[{"embeddable":true,"href":"https:\/\/archersdeskadi.fr\/index.php\/wp-json\/wp\/v2\/users\/2"}],"replies":[{"embeddable":true,"href":"https:\/\/archersdeskadi.fr\/index.php\/wp-json\/wp\/v2\/comments?post=65"}],"version-history":[{"count":3,"href":"https:\/\/archersdeskadi.fr\/index.php\/wp-json\/wp\/v2\/posts\/65\/revisions"}],"predecessor-version":[{"id":69,"href":"https:\/\/archersdeskadi.fr\/index.php\/wp-json\/wp\/v2\/posts\/65\/revisions\/69"}],"wp:featuredmedia":[{"embeddable":true,"href":"https:\/\/archersdeskadi.fr\/index.php\/wp-json\/wp\/v2\/media\/66"}],"wp:attachment":[{"href":"https:\/\/archersdeskadi.fr\/index.php\/wp-json\/wp\/v2\/media?parent=65"}],"wp:term":[{"taxonomy":"category","embeddable":true,"href":"https:\/\/archersdeskadi.fr\/index.php\/wp-json\/wp\/v2\/categories?post=65"},{"taxonomy":"post_tag","embeddable":true,"href":"https:\/\/archersdeskadi.fr\/index.php\/wp-json\/wp\/v2\/tags?post=65"}],"curies":[{"name":"wp","href":"https:\/\/api.w.org\/{rel}","templated":true}]}}